{"id":7844,"date":"2023-06-15T00:00:00","date_gmt":"2023-06-14T22:00:00","guid":{"rendered":"https:\/\/www.loyco.ch\/actualites\/eroeffnung-eines-neuen-bueros-in-bulle\/"},"modified":"2024-04-15T20:19:10","modified_gmt":"2024-04-15T18:19:10","slug":"eroeffnung-eines-neuen-bueros-in-bulle","status":"publish","type":"post","link":"https:\/\/www.loyco.ch\/de\/actualites\/eroeffnung-eines-neuen-bueros-in-bulle\/","title":{"rendered":"Er\u00f6ffnung eines neuen B\u00fcros in Bulle"},"content":{"rendered":"<p><strong>Der Hauptort des Bezirks La Gruy\u00e8re ist nach Freiburg die zweitbev\u00f6lkerungsreichste Stadt des Kantons &#8211; Sie werden es erraten haben: Wir haben uns vor Kurzem in Bulle niedergelassen.<br \/>\n<\/strong><\/p>\n<p>Nachdem wir dieses Jahr unser 10-j\u00e4hriges Bestehen feiern, uns mehr als 800 Unternehmen vertrauen, wir j\u00e4hrlich um mehr als 10 % wachsen und unsere Teams, die heute 130 MitarbeiterInnen umfassen, immer gr\u00f6sser werden, schien uns die Zeit gekommen, unseren Horizont zu erweitern und uns geografisch in einem weiteren Kanton der Westschweiz zu entwickeln: im Kanton Freiburg.<\/p>\n<p>Wir wollen Sie nicht anl\u00fcgen, die B\u00e9nichon-Men\u00fcs und die regionalen Spezialit\u00e4ten lockten uns stark, aber es war auch nach den Filialen in den Kantonen Genf, Waadt, Z\u00fcrich und im Wallis eine <strong>Pr\u00e4senz im Kanton Freiburg<\/strong> notwendig, um unseren <strong>Kundinnen und Kunden<\/strong> <strong>mehr N\u00e4he zu bieten<\/strong> und<strong> potenzielle Partner<\/strong> in der Region zu treffen.<\/p>\n<p>Die Er\u00f6ffnung eines neuen B\u00fcros ist zudem eine Chance f\u00fcr unser stetig wachsendes Loycomates-Team: eine gute Gelegenheit, <strong>das Arbeitsumfeld zu wechseln,<\/strong> , indem man sich in einen zus\u00e4tzlichen Kanton ausdehnt (nicht zu vergessen, das Mus\u00e9e gruy\u00e9rien zu besuchen, um alles \u00fcber die Geschichte und die Traditionen der Region zu erfahren  ).<\/p>\n<p>&nbsp;<\/p>\n<h2><strong>Wo finden Sie uns?<\/strong><\/h2>\n<p>10 Minuten zu Fuss vom SBB-Bahnhof entfernt oder ein paar Minuten mit dem Bus in Richtung Englischer Garten. Der Coworking Space von <a href=\"https:\/\/www.theworkhub.ch\/\" target=\"_blank\" rel=\"noopener\">TheWorkHub<\/a> ist ideal in der N\u00e4he des Stadtzentrums gelegen. Wir freuen uns auf Sie in:<\/p>\n<p><strong>Rue de Gruy\u00e8res 106<\/strong><br \/>\n<strong>1630 Bulle<br \/>\n<\/strong><\/p>\n<p>Wenn Sie in der N\u00e4he vorbeikommen, z\u00f6gern Sie nicht, uns zu besuchen!<\/p>\n<p style=\"padding-left: 360px;\"><iframe loading=\"lazy\" style=\"border: 0;\" src=\"https:\/\/www.google.com\/maps\/embed?pb=!1m14!1m8!1m3!1d4422.218368229465!2d7.0561458956604275!3d46.61603875984444!3m2!1i1024!2i768!4f13.1!3m3!1m2!1s0x478e63c62e21c289%3A0x9decbb3e409120c2!2sTheWorkHub%20Bulle!5e0!3m2!1sfr!2sch!4v1686141337497!5m2!1sfr!2sch\" width=\"600\" height=\"450\" allowfullscreen=\"allowfullscreen\"><\/iframe><\/p>\n<p>&nbsp;<\/p>\n","protected":false},"excerpt":{"rendered":"<p>Der Hauptort des Bezirks La Gruy\u00e8re ist nach Freiburg die zweitbev\u00f6lkerungsreichste Stadt des Kantons &#8211; Sie werden es erraten haben: Wir haben uns vor Kurzem in Bulle niedergelassen. Nachdem wir dieses Jahr unser 10-j\u00e4hriges Bestehen feiern, uns mehr als 800 Unternehmen vertrauen, wir j\u00e4hrlich um mehr als 10 % wachsen und unsere Teams, die heute [&hellip;]<\/p>\n","protected":false},"author":3,"featured_media":7821,"comment_status":"closed","ping_status":"closed","sticky":false,"template":"","format":"standard","meta":{"_acf_changed":false,"footnotes":""},"categories":[103],"tags":[],"class_list":["post-7844","post","type-post","status-publish","format-standard","has-post-thumbnail","hentry","category-loyco-2"],"acf":[],"_links":{"self":[{"href":"https:\/\/www.loyco.ch\/de\/wp-json\/wp\/v2\/posts\/7844","targetHints":{"allow":["GET"]}}],"collection":[{"href":"https:\/\/www.loyco.ch\/de\/wp-json\/wp\/v2\/posts"}],"about":[{"href":"https:\/\/www.loyco.ch\/de\/wp-json\/wp\/v2\/types\/post"}],"author":[{"embeddable":true,"href":"https:\/\/www.loyco.ch\/de\/wp-json\/wp\/v2\/users\/3"}],"replies":[{"embeddable":true,"href":"https:\/\/www.loyco.ch\/de\/wp-json\/wp\/v2\/comments?post=7844"}],"version-history":[{"count":0,"href":"https:\/\/www.loyco.ch\/de\/wp-json\/wp\/v2\/posts\/7844\/revisions"}],"wp:featuredmedia":[{"embeddable":true,"href":"https:\/\/www.loyco.ch\/de\/wp-json\/wp\/v2\/media\/7821"}],"wp:attachment":[{"href":"https:\/\/www.loyco.ch\/de\/wp-json\/wp\/v2\/media?parent=7844"}],"wp:term":[{"taxonomy":"category","embeddable":true,"href":"https:\/\/www.loyco.ch\/de\/wp-json\/wp\/v2\/categories?post=7844"},{"taxonomy":"post_tag","embeddable":true,"href":"https:\/\/www.loyco.ch\/de\/wp-json\/wp\/v2\/tags?post=7844"}],"curies":[{"name":"wp","href":"https:\/\/api.w.org\/{rel}","templated":true}]}}