{"id":7527,"date":"2022-05-30T00:00:00","date_gmt":"2022-05-29T22:00:00","guid":{"rendered":"https:\/\/www.loyco.ch\/actualites\/loyco-wird-teil-des-verbunds-swiss-boards-for-agenda-2030\/"},"modified":"2024-04-15T20:12:00","modified_gmt":"2024-04-15T18:12:00","slug":"loyco-wird-teil-des-verbunds-swiss-boards-for-agenda-2030","status":"publish","type":"post","link":"https:\/\/www.loyco.ch\/de\/actualites\/loyco-wird-teil-des-verbunds-swiss-boards-for-agenda-2030\/","title":{"rendered":"Loyco wird Teil des Verbunds \u201eSwiss Boards for Agenda 2030\u201c"},"content":{"rendered":"<p><strong>Gemeinsam mit 20 anderen Schweizer Firmen wird Loyco Teil eines neuen Verbunds, der die Umsetzung der UN-Agenda 2030 beschleunigen soll. Dieser Verbund \u2013 das Swiss Boards for Agenda 2030 oder SBA2030 \u2013 besteht aus Firmen, die ihren Verwaltungsrat dazu verpflichten, die Nachhaltigkeit zu f\u00f6rdern.  Als Unternehmen, das seine Verpflichtungen hinsichtlich nachhaltiger Entwicklung einh\u00e4lt, ist Loyco stolz, sich diesen Firmen in ihrem Bestreben anzuschliessen, unseren Planeten zu retten. Co-Founder <a href=\"https:\/\/www.linkedin.com\/in\/christophe-barman\/\" target=\"_blank\" rel=\"noopener\">Christophe Barman<\/a> und Vorstand<a href=\"https:\/\/www.linkedin.com\/in\/c%C3%A9dric-juillerat\/\" target=\"_blank\" rel=\"noopener\">C\u00e9dric Juillerat<\/a> vertraten Loyco letzte Woche, um diesen historischen Verbund beim <a href=\"https:\/\/www.weforum.org\/events\/world-economic-forum-annual-meeting-2022\" target=\"_blank\" rel=\"noopener\">World Economic Forum<\/a> in Davos zu lancieren.<\/strong><\/p>\n<p>&nbsp;<\/p>\n<h2><strong>Die Ziele von SBA2030<\/strong><\/h2>\n<p>Gesch\u00e4ftsf\u00fchrung und Verwaltungsrat spielen eine zentrale Rolle bei der Suche nach nachhaltigen L\u00f6sungen f\u00fcr die sozialen und \u00f6kologischen Herausforderungen, denen wir gegen\u00fcberstehen. Das Ziel von <a href=\"https:\/\/www.sba2030.ch\/\" target=\"_blank\" rel=\"noopener\">SBA2030<\/a>ist die Gr\u00fcndung eines wirklich engagierten Verbunds von Unternehmen, f\u00fcr die Nachhaltigkeit zu einer Priorit\u00e4t des Verwaltungsrats wird Durch die Zusammenarbeit mit anderen Gesch\u00e4ftsf\u00fchrern, Unternehmensleitern und Entscheidungstr\u00e4gern, die bereit sind, die <a href=\"https:\/\/www.un.org\/sustainabledevelopment\/fr\/objectifs-de-developpement-durable\/\" target=\"_blank\" rel=\"noopener\">SDGs der Agenda 2030<\/a> umzusetzen, k\u00f6nnen die SBA2030-Mitglieder ihren Einfluss vervielfachen und gemeinsam die erforderliche Marktinfrastruktur des 21. Jahrhunderts schaffen, um diesen Wandel herbeizuf\u00fchren.<\/p>\n<p>&nbsp;<\/p>\n<h2><strong>Die 21 Erstunterzeichner<\/strong><\/h2>\n<p>Alle Erstunterzeichner des Verbunds wurden im \u00abHouse of Switzerland\u00bb bei einer Veranstaltung im Rahmen des World Economic Forum bekannt gegeben, bei der es um die Rolle des Verwaltungsrats bei der F\u00f6rderung nachhaltiger Entwicklung ging. Alle Organisationen waren durch Mitglieder der Unternehmensleitung bzw. des Verwaltungsrats vertreten. Anwesende: <a href=\"https:\/\/www.bas.ch\/fr\" target=\"_blank\" rel=\"noopener\"> Alternative Bank Schweiz AG <\/a> \u2013 <a href=\"https:\/\/ecorobotix.com\/de\/\" target=\"_blank\" rel=\"noopener\">Ecorobotix<\/a> \u2013 <a href=\"https:\/\/www.ebp.ch\/de\" target=\"_blank\" rel=\"noopener\">EBP<\/a> \u2013 <a href=\"https:\/\/www.ethosfund.ch\/de\/startseite\" target=\"_blank\" rel=\"noopener\">Ethos<\/a> \u2013 <a href=\"https:\/\/www.farmy.ch\/?utm_campaign=&amp;utm_term=farmy&amp;utm_source=adwords&amp;utm_medium=ppc&amp;hsa_acc=9904065081&amp;hsa_cam=10750273166&amp;hsa_ad=454106363206&amp;hsa_net=adwords&amp;hsa_kw=farmy&amp;hsa_mt=e&amp;hsa_ver=3&amp;hsa_src=g&amp;hsa_tgt=kwd-309637924449&amp;hsa_grp=106054109917&amp;gclid=EAIaIQobChMIptCvkemG-AIVULLVCh2ZHwRvEAAYASAAEgJsKvD_BwE&amp;locale=fr-CH&amp;hub_id=4\" target=\"_blank\" rel=\"noopener\">Farmy<\/a> \u2013 <a href=\"https:\/\/www.freitag.ch\/de\" target=\"_blank\" rel=\"noopener\">Freitag<\/a> \u2013 <a href=\"https:\/\/www.imd.org\/\" target=\"_blank\" rel=\"noopener\">International Institute for Management Development (IMD)<\/a> \u2013 <a href=\"https:\/\/www.liip.ch\/de\" target=\"_blank\" rel=\"noopener\">LIIP<\/a> \u2013 <a href=\"https:\/\/ch.loccitane.com\/fr-ch\/\" target=\"_blank\" rel=\"noopener\">L\u2019Occitane<\/a> \u2013 <a href=\"https:\/\/www.losinger-marazzi.ch\/de\/\" target=\"_blank\" rel=\"noopener\">Losinger Marazzi<\/a> \u2013 <a href=\"https:\/\/www.mkspamp.com\/\" target=\"_blank\" rel=\"noopener\">MKS PAMP SA<\/a> \u2013 <a href=\"https:\/\/www.naef.ch\/\" target=\"_blank\" rel=\"noopener\">Naef Immobilier<\/a> \u2013 <a href=\"https:\/\/www.piguetgalland.ch\/fr\/?gclid=EAIaIQobChMI9cq21umG-AIVppBoCR0ZGQ0LEAAYASAAEgKS3fD_BwE\" target=\"_blank\" rel=\"noopener\">Piguet Galland &amp; CIE SA<\/a> \u2013 <a href=\"https:\/\/www.roche.ch\/\" target=\"_blank\" rel=\"noopener\">Roche Holding<\/a> \u2013 <a href=\"https:\/\/www.groupe-serbeco.ch\/\" target=\"_blank\" rel=\"noopener\">Groupe Serbeco<\/a> \u2013 <a href=\"https:\/\/www.southpole.com\/de\" target=\"_blank\" rel=\"noopener\">South Pole<\/a> \u2013 <a href=\"https:\/\/swissroc.ch\/fr\/\" target=\"_blank\" rel=\"noopener\">Swissroc Group<\/a> \u2013 <a href=\"https:\/\/www.umeo.ch\/?lang=de\" target=\"_blank\" rel=\"noopener\">UMEO SA<\/a> \u2013 <a href=\"https:\/\/www.villars.com\/\" target=\"_blank\" rel=\"noopener\">Villars Ma\u00eetre Chocolatier SA<\/a> \u2013 <a href=\"https:\/\/www.weleda.ch\/?gclid=EAIaIQobChMI9endnuqG-AIVjv93Ch3hXAXIEAAYASAAEgLfkvD_BwE\" target=\"_blank\" rel=\"noopener\">Weleda AG<\/a> und <a href=\"https:\/\/www.loyco.ch\/de\/\" target=\"_blank\" rel=\"noopener\">Loyco<\/a>.<\/p>\n<p><a href=\"https:\/\/www.linkedin.com\/in\/andr%C3%A9-hoffmann-1a357522\/\" target=\"_blank\" rel=\"noopener\">Andr\u00e9 Hoffmann<\/a>, Co-Initiator des Verbunds: \u00abDie Gr\u00fcndungsmitglieder dieses Verbunds haben sich entschlossen, von Wettbewerb auf Zusammenarbeit umzustellen. Es sind branchenf\u00fchrende Schweizer Unternehmen, die sich in Gr\u00f6sse, Branche und Reife hinsichtlich nachhaltiger Entwicklung unterscheiden, aber alle denselben Wunsch hegen: nachhaltige Entwicklung ins Zentrum ihrer Strategie zu stellen und auf die Tagesordnung ihres Verwaltungsrats zu setzen. Unser Ziel ist, bis Ende 2022 50 Schweizer Unternehmen aufzunehmen, die diese Ideen teilen.\u00bb<\/p>\n<p>&nbsp;<\/p>\n<h2><strong>Unsere 4 Verpflichtungen <\/strong><\/h2>\n<p>Als Verbandsmitglieder m\u00f6chten wir die Umsetzung der Ziele f\u00fcr nachhaltige Entwicklung (SDGs) durch vier Kernverpflichtungen beschleunigen:<\/p>\n<ol>\n<li>Unseren Verwaltungsrat schulen, um Risiken und Chancen der Nachhaltigkeit besser zu verstehen<\/li>\n<li>Die treuh\u00e4nderischen Pflichten unserer Statuten erweitern, um die soziale und \u00f6kologische Verantwortung zu st\u00e4rken und die Auswirkung auf alle Teilhaber zu ber\u00fccksichtigen.<\/li>\n<li>Die Ziele f\u00fcr nachhaltige Entwicklung (SDGs) identifizieren, die f\u00fcr unser Unternehmen Vorrang haben, und uns dazu verpflichten, \u00fcber das Programm <a href=\"https:\/\/fr.swisstripleimpact.ch\/\" target=\"_blank\" rel=\"noopener\">Swiss Triple Impact<\/a> dazu beizutragen.<\/li>\n<li>J\u00e4hrlich an einem Runden Tisch des SBA2030 teilnehmen, mit anderen Verwaltungsratsmitgliedern und Gesch\u00e4ftsf\u00fchrern, die dem Verbund beigetreten sind, um die Zusammenarbeit und den Austausch bew\u00e4hrter Praktiken zu f\u00f6rdern.<\/li>\n<\/ol>\n<p><a href=\"https:\/\/www.linkedin.com\/in\/jonathannormand\/\" target=\"_blank\" rel=\"noopener\">Jonathan Normand<\/a>Co-Initiator des Verbunds: \u00abMit grossem Stolz gr\u00fcnden wir heute den Verbund SBA2030 mit den 21 Erstunterzeichnern in Davos. In dieser Zeit der Sorge und alarmierender Statistiken entsteht dieser Verbund, um uns zu inspirieren, zu vereinen und den Wandel zu beschleunigen, sowie den Mut jener zu feiern, die sich entschliessen, zu einer nachhaltigen, lebenswerten und inklusiven Zukunft beizutragen, die wir alle erreichen wollen.\u00bb<\/p>\n<p>&nbsp;<\/p>\n<h2><strong>\u00dcber SBA2030<\/strong><\/h2>\n<p>SBA2030 ist eine Initiative von <a href=\"https:\/\/www.linkedin.com\/in\/jonathannormand\/\" target=\"_blank\" rel=\"noopener\">Jonathan Normand<\/a>, Gr\u00fcnder und Gesch\u00e4ftsf\u00fchrer von B Lab Suisse und <a href=\"https:\/\/www.linkedin.com\/in\/andr%C3%A9-hoffmann-1a357522\/\" target=\"_blank\" rel=\"noopener\">Andr\u00e9 Hoffmann<\/a>, stellvertretender Vorsitzender von Roche und Co-Founder von <a href=\"https:\/\/www.intent-for-change.org\/\" target=\"_blank\" rel=\"noopener\">InTent<\/a>. Der Verbund wird von <a href=\"https:\/\/www.blab-switzerland.ch\/\" target=\"_blank\" rel=\"noopener\">B Lab Switzerland<\/a> koordiniert und steht unter der Schirmherrschaft des B Lab Switzerland Business Council Committee.<\/p>\n<p>Weitere Informationen finden sich unter <a href=\"https:\/\/www.sba2030.ch\/\" target=\"_blank\" rel=\"noopener\">www.sba2030.ch<\/a>.<\/p>\n<p>Unten sind weitere mediale Ver\u00f6ffentlichungen zu finden:<\/p>\n<ul>\n<li><a href=\"https:\/\/www.tdg.ch\/limmobilisme-suisse-nest-plus-a-la-hauteur-des-enjeux-402442711374\" target=\"_blank\" rel=\"noopener\">Tribune de Gen\u00e8ve<\/a><\/li>\n<li><a href=\"https:\/\/www.letemps.ch\/economie\/andre-hoffmann-une-entreprise-ne-plus-evaluee-seule-maximisation-profit-court-terme\" target=\"_blank\" rel=\"noopener\">Le Temps<\/a><\/li>\n<li><a href=\"https:\/\/www.rts.ch\/info\/suisse\/13117241-des-patrons-suisses-lancent-une-alliance-pour-davantage-de-durabilite.html\" target=\"_blank\" rel=\"noopener\">RTS<\/a><\/li>\n<li><a href=\"https:\/\/www.yourmoney.ch\/ym\/news\/story?modal=bs3&amp;decorator=ajax&amp;id=20220523-719&amp;mark=\" target=\"_blank\" rel=\"noopener\">Yourmoney.ch<\/a><\/li>\n<li><a href=\"https:\/\/www.swissquote.ch\/sqi_premium\/market\/news\/News.action?id=14497545\" target=\"_blank\" rel=\"noopener\">Swissquote<\/a><\/li>\n<li><a href=\"https:\/\/www.allnews.ch\/content\/news\/le-swiss-boards-agenda-2030-avec-piguet-galland-et-la-banque-alternative-suisse\" target=\"_blank\" rel=\"noopener\">Allnews<\/a><\/li>\n<\/ul>\n","protected":false},"excerpt":{"rendered":"<p>Gemeinsam mit 20 anderen Schweizer Firmen wird Loyco Teil eines neuen Verbunds, der die Umsetzung der UN-Agenda 2030 beschleunigen soll. Dieser Verbund \u2013 das Swiss Boards for Agenda 2030 oder SBA2030 \u2013 besteht aus Firmen, die ihren Verwaltungsrat dazu verpflichten, die Nachhaltigkeit zu f\u00f6rdern. Als Unternehmen, das seine Verpflichtungen hinsichtlich nachhaltiger Entwicklung einh\u00e4lt, ist Loyco [&hellip;]<\/p>\n","protected":false},"author":3,"featured_media":7496,"comment_status":"closed","ping_status":"closed","sticky":false,"template":"","format":"standard","meta":{"_acf_changed":false,"footnotes":""},"categories":[103,54],"tags":[],"class_list":["post-7527","post","type-post","status-publish","format-standard","has-post-thumbnail","hentry","category-loyco-2","category-umwelt"],"acf":[],"_links":{"self":[{"href":"https:\/\/www.loyco.ch\/de\/wp-json\/wp\/v2\/posts\/7527","targetHints":{"allow":["GET"]}}],"collection":[{"href":"https:\/\/www.loyco.ch\/de\/wp-json\/wp\/v2\/posts"}],"about":[{"href":"https:\/\/www.loyco.ch\/de\/wp-json\/wp\/v2\/types\/post"}],"author":[{"embeddable":true,"href":"https:\/\/www.loyco.ch\/de\/wp-json\/wp\/v2\/users\/3"}],"replies":[{"embeddable":true,"href":"https:\/\/www.loyco.ch\/de\/wp-json\/wp\/v2\/comments?post=7527"}],"version-history":[{"count":0,"href":"https:\/\/www.loyco.ch\/de\/wp-json\/wp\/v2\/posts\/7527\/revisions"}],"wp:featuredmedia":[{"embeddable":true,"href":"https:\/\/www.loyco.ch\/de\/wp-json\/wp\/v2\/media\/7496"}],"wp:attachment":[{"href":"https:\/\/www.loyco.ch\/de\/wp-json\/wp\/v2\/media?parent=7527"}],"wp:term":[{"taxonomy":"category","embeddable":true,"href":"https:\/\/www.loyco.ch\/de\/wp-json\/wp\/v2\/categories?post=7527"},{"taxonomy":"post_tag","embeddable":true,"href":"https:\/\/www.loyco.ch\/de\/wp-json\/wp\/v2\/tags?post=7527"}],"curies":[{"name":"wp","href":"https:\/\/api.w.org\/{rel}","templated":true}]}}