{"id":14609,"date":"2025-01-27T13:28:35","date_gmt":"2025-01-27T12:28:35","guid":{"rendered":"https:\/\/www.loyco.ch\/actualites\/einkaeufe-in-die-saeule-3a-sind-moeglich\/"},"modified":"2025-04-24T16:19:07","modified_gmt":"2025-04-24T14:19:07","slug":"ruckwirkende-beitrage-in-die-saeule-3a-sind-moeglich","status":"publish","type":"post","link":"https:\/\/www.loyco.ch\/de\/actualites\/ruckwirkende-beitrage-in-die-saeule-3a-sind-moeglich\/","title":{"rendered":"Eink\u00e4ufe in die S\u00e4ule 3a sind m\u00f6glich!"},"content":{"rendered":"<p class=\"txt_large\"><strong>Wenn Sie diese Information zuf\u00e4llig verpasst haben, sollten Sie wissen, dass Sie in der S\u00e4ule 3a Eink\u00e4ufe t\u00e4tigen k\u00f6nnen, wenn Sie in bestimmten Jahren nicht in der Lage waren, Beitr\u00e4ge zu zahlen. Kurze Erkl\u00e4rungen zu dieser Neuerung, die der Bundesrat im November letzten Jahres verabschiedet hat. <\/strong><\/p>\n<p>Diese M\u00f6glichkeit, die bisher nur f\u00fcr die zweite S\u00e4ule bestand, wurde vom Bundesrat auf die S\u00e4ule 3a ausgeweitet.<\/p>\n<h2 class=\"like_h3\"><strong>Worum geht es?<\/strong><\/h2>\n<p>In der Schweiz erwerbst\u00e4tige Personen, die ab 2025 nicht jedes Jahr die maximal zul\u00e4ssigen Beitr\u00e4ge in ihre S\u00e4ule 3a einzahlen, erhalten so die M\u00f6glichkeit, diese Beitr\u00e4ge bis zu zehn Jahre lang r\u00fcckwirkend nachzuzahlen und diese Eink\u00e4ufe von ihrem steuerbaren Einkommen abzuziehen.<\/p>\n<h2 class=\"like_h3\"><strong>Unter welchen Bedingungen?<\/strong><\/h2>\n<p class=\"txt_large\"><span class=\"dark_color\">Ein Einkauf in die S\u00e4ule 3a bis maximal zum &#8222;kleinen Beitrag&#8220; (d.h. 7258 Franken im Jahr 2025) wird jedes Jahr zus\u00e4tzlich zum ordentlichen Beitrag erlaubt sein. Die Beitragsl\u00fccke eines bestimmten Jahres darf nur einmal eingekauft werden, auch wenn die L\u00fccke nicht vollst\u00e4ndig geschlossen wird. <\/span><\/p>\n<p><strong>Um einen Einkauf t\u00e4tigen zu k\u00f6nnen, muss eine Person:<\/strong><\/p>\n<ul>\n<li>in dem Jahr, f\u00fcr das sie r\u00fcckwirkend Beitr\u00e4ge zahlen will, ein AHV-pflichtiges Einkommen in der Schweiz erzielt haben;<\/li>\n<li>diese Bedingung in dem Jahr erf\u00fcllen, in dem sie den Einkauf t\u00e4tigen;<\/li>\n<li>de facto den gesamten ordentlichen Beitrag f\u00fcr das betreffende Jahr entrichtet haben.<\/li>\n<\/ul>\n<p class=\"txt_large\"><span class=\"dark_color\">Der Betrag f\u00fcr den Einkauf kann wie der regul\u00e4re Jahresbeitrag vollst\u00e4ndig vom steuerpflichtigen Einkommen abgezogen werden.<\/span><\/p>\n<h2 class=\"like_h3\"><strong>Welcher Zeithorizont?<\/strong><\/h2>\n<p>Die <a class=\"link-arrow-target\" href=\"https:\/\/www.admin.ch\/gov\/fr\/accueil\/documentation\/communiques\/communiques-conseil-federal.msg-id-103044.html\" target=\"_blank\" rel=\"noopener\">Verordnung des Bundesrates<\/a> tritt am 1. Januar 2025 in Kraft und erlaubt r\u00fcckwirkende Einzahlungen ab dem Kalenderjahr 2025. Die ersten Eink\u00e4ufe werden erstmals 2026 m\u00f6glich sein, und zwar f\u00fcr das Kalenderjahr 2025. <\/p>\n<h2 class=\"like_h3\"><strong>Welche steuerliche Behandlung?<\/strong><\/h2>\n<p>Derzeit wird der Vorbezug von Kapital aus der 3. S\u00e4ule, Beitr\u00e4gen und eventuellen Eink\u00e4ufen getrennt vom \u00fcbrigen Einkommen und zu einem reduzierten Satz besteuert. Der Bundesrat wird voraussichtlich Anfang 2025 die Modalit\u00e4ten der k\u00fcnftigen steuerlichen Behandlung von Kapitalbez\u00fcgen aus der dritten S\u00e4ule vorstellen. Dennoch ist mit einer h\u00f6heren Besteuerung von Kapitalbez\u00fcgen aus der 2. S\u00e4ule und der S\u00e4ule 3a zu rechnen.  <\/p>\n<h2 class=\"like_h3\"><span class=\"dark_color\"><strong>Weiterf\u00fchrende Informationen<\/strong><\/span><\/h2>\n<ul>\n<li><a class=\"link-arrow-target\" href=\"https:\/\/www.admin.ch\/gov\/fr\/accueil\/documentation\/communiques.msg-id-103044.html\" target=\"_blank\" rel=\"noopener\">Bundesrat f\u00fchrt die M\u00f6glichkeit von Eink\u00e4ufen in der S\u00e4ule 3a ein<\/a><\/li>\n<li><a class=\"link-arrow-target\" href=\"https:\/\/www.20min.ch\/fr\/story\/prevoyance-vieillesse-il-sera-possible-de-combler-les-trous-de-son-3e-pilier-103215885\" target=\"_blank\" rel=\"noopener\">Es wird m\u00f6glich sein, die L\u00fccken in seiner 3. S\u00e4ule zu schlie\u00dfen &#8211; 20 Minuten<\/a><\/li>\n<li><a class=\"link-arrow-target\" href=\"https:\/\/www.watson.ch\/fr\/suisse\/conseil-federal\/646577012-3e-pillier-voici-ce-qui-change-des-le-1er-janvier-2025\" target=\"_blank\" rel=\"noopener\">3. S\u00e4ule: Was sich ab dem 1. Januar 2025 \u00e4ndert<\/a><\/li>\n<li><a class=\"link-arrow-target\" href=\"https:\/\/blog.migrosbank.ch\/fr\/rachats-ulterieurs-dans-le-pilier-3a-ce-quil-faut-prendre-en-compte\/\" target=\"_blank\" rel=\"noopener\">Nachtr\u00e4gliche Eink\u00e4ufe in die S\u00e4ule 3a: Was Sie beachten sollten &#8211; Migros Bank<\/a><\/li>\n<\/ul>\n","protected":false},"excerpt":{"rendered":"<p>Wenn Sie diese Information zuf\u00e4llig verpasst haben, sollten Sie wissen, dass Sie in der S\u00e4ule 3a Eink\u00e4ufe t\u00e4tigen k\u00f6nnen, wenn Sie in bestimmten Jahren nicht in der Lage waren, Beitr\u00e4ge zu zahlen. Kurze Erkl\u00e4rungen zu dieser Neuerung, die der Bundesrat im November letzten Jahres verabschiedet hat. Diese M\u00f6glichkeit, die bisher nur f\u00fcr die zweite S\u00e4ule [&hellip;]<\/p>\n","protected":false},"author":5,"featured_media":14559,"comment_status":"closed","ping_status":"closed","sticky":false,"template":"","format":"standard","meta":{"_acf_changed":false,"footnotes":""},"categories":[78,56,58],"tags":[],"class_list":["post-14609","post","type-post","status-publish","format-standard","has-post-thumbnail","hentry","category-buchhaltung-und-finanzen","category-rechtliches","category-versicherungen"],"acf":[],"_links":{"self":[{"href":"https:\/\/www.loyco.ch\/de\/wp-json\/wp\/v2\/posts\/14609","targetHints":{"allow":["GET"]}}],"collection":[{"href":"https:\/\/www.loyco.ch\/de\/wp-json\/wp\/v2\/posts"}],"about":[{"href":"https:\/\/www.loyco.ch\/de\/wp-json\/wp\/v2\/types\/post"}],"author":[{"embeddable":true,"href":"https:\/\/www.loyco.ch\/de\/wp-json\/wp\/v2\/users\/5"}],"replies":[{"embeddable":true,"href":"https:\/\/www.loyco.ch\/de\/wp-json\/wp\/v2\/comments?post=14609"}],"version-history":[{"count":1,"href":"https:\/\/www.loyco.ch\/de\/wp-json\/wp\/v2\/posts\/14609\/revisions"}],"predecessor-version":[{"id":15259,"href":"https:\/\/www.loyco.ch\/de\/wp-json\/wp\/v2\/posts\/14609\/revisions\/15259"}],"wp:featuredmedia":[{"embeddable":true,"href":"https:\/\/www.loyco.ch\/de\/wp-json\/wp\/v2\/media\/14559"}],"wp:attachment":[{"href":"https:\/\/www.loyco.ch\/de\/wp-json\/wp\/v2\/media?parent=14609"}],"wp:term":[{"taxonomy":"category","embeddable":true,"href":"https:\/\/www.loyco.ch\/de\/wp-json\/wp\/v2\/categories?post=14609"},{"taxonomy":"post_tag","embeddable":true,"href":"https:\/\/www.loyco.ch\/de\/wp-json\/wp\/v2\/tags?post=14609"}],"curies":[{"name":"wp","href":"https:\/\/api.w.org\/{rel}","templated":true}]}}