{"id":14551,"date":"2024-12-04T13:44:45","date_gmt":"2024-12-04T12:44:45","guid":{"rendered":"https:\/\/www.loyco.ch\/actualites\/zusammenfassung-der-gesetzesaenderungen-2025\/"},"modified":"2025-01-27T11:20:08","modified_gmt":"2025-01-27T10:20:08","slug":"zusammenfassung-der-gesetzesaenderungen-2025","status":"publish","type":"post","link":"https:\/\/www.loyco.ch\/de\/actualites\/zusammenfassung-der-gesetzesaenderungen-2025\/","title":{"rendered":"Zusammenfassung der Gesetzes\u00e4nderungen 2025"},"content":{"rendered":"<p><strong>Ab dem 1. Januar 2025 wird eine Reihe von Gesetzes\u00e4nderungen die Sozialversicherung in der Schweiz betreffen. Die Erh\u00f6hung der Mindestrenten, die schrittweise Anhebung des Rentenalters f\u00fcr Frauen und die Anpassung der Familienzulagen und der Beitragss\u00e4tze markieren ein Jahr, das f\u00fcr Arbeitgeber und Arbeitnehmer gleicherma\u00dfen von Ver\u00e4nderungen gepr\u00e4gt ist. Entdecken Sie die neuen Ma\u00dfnahmen, die Sie beachten m\u00fcssen, um sich auf diese \u00c4nderungen einzustellen. <\/strong><\/p>\n<p>&nbsp;<\/p>\n<h2 class=\"like_h3\"><strong>Telearbeit f\u00fcr Grenzg\u00e4nger<\/strong><\/h2>\n<p>In letzter Zeit gab es eine Reihe von \u00c4nderungen bei der Art und Weise, wie Grenzg\u00e4nger, insbesondere diejenigen mit Wohnsitz in Frankreich, Telearbeit leisten k\u00f6nnen. Heute m\u00f6chten wir einen Schritt zur\u00fccktreten und Ihnen angesichts der j\u00fcngsten \u00c4nderungen in <a class=\"link-arrow-target\" href=\"https:\/\/www.loyco.ch\/en\/actualites\/new-developments-in-teleworking-for-cross-border-commuters\/\" target=\"_blank\" rel=\"noopener\">diesem Artikel<\/a> einige n\u00fctzliche Klarstellungen geben.<\/p>\n<h2 class=\"like_h3\"><strong>Minimale AHV-Rente \/ Auswirkungen auf das BVG<\/strong><\/h2>\n<p>Die AHV\/IV-Renten werden ab dem 1. Januar 2025 mit 2,9% an die Preis- und Lohnentwicklung angepasst. Damit steigt die Mindestrente der AHV\/IV von 1.225 auf 1.260 Franken pro Monat. Diese \u00c4nderung hat Auswirkungen auf die BVG-Kennzahlen:<\/p>\n<p><a href=\"\/\/www.admin.ch\/gov\/fr\/accueil\/documentation\/communiques.msg-id-102235.html#:~:text=Le%20montant%20de%20la%20rente,une%20dur%C3%A9e%20de%20cotisation%20compl%C3%A8te)\" target=\"_blank\" rel=\"noopener\"><img loading=\"lazy\" decoding=\"async\" class=\"wp-image-14254 size-full aligncenter\" src=\"https:\/\/www.loyco.ch\/wp-content\/uploads\/2024\/12\/loy-paie-2025-tableau-1-1.png\" alt=\"\" width=\"984\" height=\"268\" srcset=\"https:\/\/www.loyco.ch\/wp-content\/uploads\/2024\/12\/loy-paie-2025-tableau-1-1.png 984w, https:\/\/www.loyco.ch\/wp-content\/uploads\/2024\/12\/loy-paie-2025-tableau-1-1-612x167.png 612w, https:\/\/www.loyco.ch\/wp-content\/uploads\/2024\/12\/loy-paie-2025-tableau-1-1-768x209.png 768w\" sizes=\"auto, (max-width: 984px) 100vw, 984px\" \/><\/a><\/p>\n<p>Lesen Sie <a class=\"link-arrow-target\" href=\"https:\/\/www.admin.ch\/gov\/fr\/accueil\/documentation\/communiques.msg-id-102235.html#:~:text=Le%20montant%20de%20la%20rente,une%20dur%C3%A9e%20de%20cotisation%20compl%C3%A8te\" target=\"_blank\" rel=\"noopener\">den Artikel des Bundesamtes f\u00fcr Sozialversicherung (BSV<\/a>), um mehr dar\u00fcber zu erfahren .<\/p>\n<h2 class=\"like_h3\"><strong>Altersteilzeit f\u00fcr Frauen<\/strong><\/h2>\n<p>Das Rentenalter f\u00fcr Frauen wird ab dem 1. Januar 2025 schrittweise von 64 auf 65 Jahre angehoben.<\/p>\n<p><a href=\"https:\/\/www.admin.ch\/gov\/fr\/accueil\/documentation\/communiques.msg-id-92108.html\" target=\"_blank\" rel=\"noopener\"><img loading=\"lazy\" decoding=\"async\" class=\"size-full wp-image-14257 aligncenter\" src=\"https:\/\/www.loyco.ch\/wp-content\/uploads\/2024\/12\/loy-paie-2025-tableau-2-1.png\" alt=\"\" width=\"984\" height=\"268\" srcset=\"https:\/\/www.loyco.ch\/wp-content\/uploads\/2024\/12\/loy-paie-2025-tableau-2-1.png 984w, https:\/\/www.loyco.ch\/wp-content\/uploads\/2024\/12\/loy-paie-2025-tableau-2-1-612x167.png 612w, https:\/\/www.loyco.ch\/wp-content\/uploads\/2024\/12\/loy-paie-2025-tableau-2-1-768x209.png 768w\" sizes=\"auto, (max-width: 984px) 100vw, 984px\" \/><\/a><\/p>\n<p>Finden Sie <a class=\"link-arrow-target\" href=\"https:\/\/www.admin.ch\/gov\/fr\/accueil\/documentation\/communiques.msg-id-92108.html\" target=\"_blank\" rel=\"noopener\">hier<\/a> mehr heraus<\/p>\n<h2 class=\"like_h3\"><strong>Familienzulagen<\/strong><\/h2>\n<p>Die minimale Kinderzulage wird ab dem 1. Januar 2025 von CHF 200 auf CHF 215 pro Monat und die Ausbildungszulage von CHF 250 auf CHF 268 pro Monat erh\u00f6ht. Diese \u00c4nderung betrifft die Kantone, die die Mindestkinderzulage zahlen. Derzeit zahlen sieben Kantone den LAFam-Mindestbetrag f\u00fcr das Kindergeld (ZH, GL, SO, BL, AG, TG und TI), und sechs Kantone wenden diesen Mindestbetrag f\u00fcr die Ausbildungszulage an (ZH, GL, SO, BL, AG und TI). Die Familienzulagen im Kanton Wallis werden ab dem 01.01.2025 von CHF 305 auf CHF 327 erh\u00f6ht.<\/p>\n<p><a class=\"link-arrow-target\" href=\"https:\/\/www.admin.ch\/gov\/fr\/accueil\/documentation\/communiques.msg-id-102232.html\" target=\"_blank\" rel=\"noopener\">Mehr lesen<\/a><\/p>\n<h2 class=\"like_h3\"><strong>Fokus auf den Kanton Genf<\/strong><\/h2>\n<p><strong>Mindestlohn Genf<br \/>\n<\/strong>Der Bruttomindeststundenlohn f\u00fcr Genf wird f\u00fcr 2025 auf CHF 24,48 festgelegt (<a href=\"https:\/\/www.ge.ch\/actualite\/salaire-minimum-2025-etablira-2448-fr-heure-13-09-2024\" target=\"_blank\" rel=\"noopener\">Quelle<\/a>).<\/p>\n<p><strong>CAF-Satz Genf<br \/>\n<\/strong>Der Beitragssatz f\u00fcr die Familienzulagen wird ab 1. Januar 2025 von 2,28% auf 2,25% steigen (<a href=\"https:\/\/www.ge.ch\/document\/communique-hebdomadaire-du-conseil-etat-du-16-octobre-2024#:~:text=Suivant%20la%20proposition%20du%20Conseil,%C3%A0%20cotisation%20AVS%20contre%200%2C076%25\" target=\"_blank\" rel=\"noopener\">Quelle<\/a>).<\/p>\n<p><strong>LAMAT-Satz<br \/>\n<\/strong>Der Beitragssatz der kantonalen Mutterschaftsversicherung wird am 1. Januar 2025 von 0,076% auf 0,064% sinken (<a href=\"https:\/\/www.ge.ch\/document\/communique-hebdomadaire-du-conseil-etat-du-16-octobre-2024#:~:text=Suivant%20la%20proposition%20du%20Conseil,%C3%A0%20cotisation%20AVS%20contre%200%2C076%25\" target=\"_blank\" rel=\"noopener\">Quelle<\/a>).<\/p>\n<h2 class=\"like_h3\"><strong>Andere Kantone<\/strong><\/h2>\n<p>\u00c4nderungen der H\u00f6he der Familienzulagen und der verschiedenen familienbezogenen Beitr\u00e4ge sind in dem Dokument auf der Website des BAFA aufgef\u00fchrt: <a class=\"link-arrow-target\" href=\"https:\/\/www.bsv.admin.ch\/bsv\/fr\/home\/assurances-sociales\/famz\/grundlagen-und-gesetze\/ansaetze.html\" target=\"_blank\" rel=\"noopener\">Arten und Betr\u00e4ge der Familienzulagen<\/a>. Dieses Dokument ist noch nicht auf dem neuesten Stand, wird aber jedes Jahr im Dezember f\u00fcr das folgende Jahr aktualisiert (\u00c4nderungen werden in dem Dokument fett hervorgehoben).<\/p>\n","protected":false},"excerpt":{"rendered":"<p>Ab dem 1. Januar 2025 wird eine Reihe von Gesetzes\u00e4nderungen die Sozialversicherung in der Schweiz betreffen. Die Erh\u00f6hung der Mindestrenten, die schrittweise Anhebung des Rentenalters f\u00fcr Frauen und die Anpassung der Familienzulagen und der Beitragss\u00e4tze markieren ein Jahr, das f\u00fcr Arbeitgeber und Arbeitnehmer gleicherma\u00dfen von Ver\u00e4nderungen gepr\u00e4gt ist. Entdecken Sie die neuen Ma\u00dfnahmen, die Sie [&hellip;]<\/p>\n","protected":false},"author":5,"featured_media":14251,"comment_status":"closed","ping_status":"closed","sticky":false,"template":"","format":"standard","meta":{"_acf_changed":false,"footnotes":""},"categories":[129],"tags":[],"class_list":["post-14551","post","type-post","status-publish","format-standard","has-post-thumbnail","hentry","category-humanressourcen"],"acf":[],"_links":{"self":[{"href":"https:\/\/www.loyco.ch\/de\/wp-json\/wp\/v2\/posts\/14551","targetHints":{"allow":["GET"]}}],"collection":[{"href":"https:\/\/www.loyco.ch\/de\/wp-json\/wp\/v2\/posts"}],"about":[{"href":"https:\/\/www.loyco.ch\/de\/wp-json\/wp\/v2\/types\/post"}],"author":[{"embeddable":true,"href":"https:\/\/www.loyco.ch\/de\/wp-json\/wp\/v2\/users\/5"}],"replies":[{"embeddable":true,"href":"https:\/\/www.loyco.ch\/de\/wp-json\/wp\/v2\/comments?post=14551"}],"version-history":[{"count":0,"href":"https:\/\/www.loyco.ch\/de\/wp-json\/wp\/v2\/posts\/14551\/revisions"}],"wp:featuredmedia":[{"embeddable":true,"href":"https:\/\/www.loyco.ch\/de\/wp-json\/wp\/v2\/media\/14251"}],"wp:attachment":[{"href":"https:\/\/www.loyco.ch\/de\/wp-json\/wp\/v2\/media?parent=14551"}],"wp:term":[{"taxonomy":"category","embeddable":true,"href":"https:\/\/www.loyco.ch\/de\/wp-json\/wp\/v2\/categories?post=14551"},{"taxonomy":"post_tag","embeddable":true,"href":"https:\/\/www.loyco.ch\/de\/wp-json\/wp\/v2\/tags?post=14551"}],"curies":[{"name":"wp","href":"https:\/\/api.w.org\/{rel}","templated":true}]}}